{"id":5773,"date":"2026-02-09T10:52:14","date_gmt":"2026-02-09T10:52:14","guid":{"rendered":"https:\/\/modirjord.is\/?p=5773"},"modified":"2026-02-09T10:52:21","modified_gmt":"2026-02-09T10:52:21","slug":"starf-i-lifraenni-akuryrkju-job-in-organic-agriculture","status":"publish","type":"post","link":"https:\/\/modirjord.is\/en\/starf-i-lifraenni-akuryrkju-job-in-organic-agriculture\/","title":{"rendered":"Starf \u00ed l\u00edfr\u00e6nni akuryrkju \/ Job in organic agriculture"},"content":{"rendered":"<p>M\u00f3\u00f0ir J\u00f6r\u00f0 \u00ed Vallanesi leitar a\u00f0 starfsmanni til a\u00f0 starfa vi\u00f0 jar\u00f0r\u00e6kt og l\u00edfr\u00e6na akuryrkju.\u00a0 Um \u00e1rst\u00ed\u00f0abundi\u00f0 starf er a\u00f0 r\u00e6\u00f0a yfir r\u00e6ktunart\u00edmabil fr\u00e1 apr\u00edl \u00fat okt\u00f3ber.\u00a0 M\u00f3\u00f0ir J\u00f6r\u00f0 r\u00e6ktar korn;\u00a0 bygg, hveiti og repju \u00e1 70 ha lands sem og fj\u00f6lbreyttar tegundir af gr\u00e6nmeti \u00ed \u00fatir\u00e6ktun.\u00a0 Vi\u00f0komandi \u00fearf a\u00f0 hafa r\u00e9ttindi \u00e1 vinnuv\u00e9lar, reynslu vi\u00f0 notkun landb\u00fana\u00f0art\u00e6kja, reynsla af r\u00e6ktun matjurta er kostur. \u00a0\u00a0Starfi\u00f0 g\u00e6ti einnig henta\u00f0 fyrir nema \u00ed verk- e\u00f0a starfsn\u00e1mi. \u00a0R\u00e1\u00f0ningart\u00edmabil er 6 m\u00e1nu\u00f0ir.<\/p>\n<p>Fyrirt\u00e6ki\u00f0 leggur stund \u00e1 l\u00edfr\u00e6na r\u00e6ktun \u00e1 korni og framlei\u00f0slu matvara \u00far jurtar\u00edkinu sem fram fer samkv\u00e6mt al\u00fej\u00f3\u00f0legri vottun um l\u00edfr\u00e6na framlei\u00f0slu.\u00a0 Framlei\u00f0slan er s\u00e9rh\u00e6f\u00f0, grundv\u00f6llu\u00f0 \u00e1 sta\u00f0bundnum hr\u00e1efnum og v\u00f6rumerki\u00f0 er me\u00f0 dreifingu um allt land.<\/p>\n<p>Vi\u00f0 leitum a\u00f0 starfsmanni me\u00f0 \u00e1huga \u00e1 l\u00edfr\u00e6nni r\u00e6ktun, metna\u00f0 fyrir heilbrig\u00f0i umhverfis og getu til a\u00f0 taka a\u00f0 s\u00e9r fj\u00f6lbreytt verkefni.\u00a0 \u00a0Menntun og\/e\u00f0a reynslu sem n\u00fdtist \u00ed starfi.\u00a0 Vinnufyrirkomulag og kj\u00f6r eru samkomulagsatri\u00f0i, en M\u00f3\u00f0ir J\u00f6r\u00f0 b\u00fd\u00f0ur fj\u00f6lbreytt st\u00f6rf \u00ed fallegu umhverfi og starfsemin hefur sj\u00e1lfb\u00e6rni a\u00f0 lei\u00f0arlj\u00f3si.\u00a0 Ums\u00f3knir sendist \u00ed t\u00f6lvup\u00f3sti til <a href=\"mailto:info@vallanes.is\">info@vallanes.is<\/a>.\u00a0 Frekari uppl\u00fdsingar um starfsemina er a\u00f0 finna \u00e1 www.modirjord.is<\/p>\n<p>English:<\/p>\n<p>M\u00f3\u00f0ir J\u00f6r\u00f0 organic farm in Vallanes is looking to hire a person for fieldwork and other agriculture work. The job is seasonal during the growing season from April to October.\u00a0 M\u00f3\u00f0ir J\u00f6r\u00f0 (Mother Earth) grows cereals, barley, wheat and rapeseed and vegetables in 70 ha of cultivated land which is all certified organic.<\/p>\n<p>We are looking for a worker with a license to operate agriculture machinery and experience in the field.\u00a0 The job could also be suitable for internship but requires presence of 5-6 months.<\/p>\n<p>M\u00f3\u00f0ir J\u00f6r\u00f0 is known for organic farming and food processing as well as sustainable tourism.\u00a0 The farm produces variety of food products based on crops grown at the farm.\u00a0 Branded products of M\u00f3\u00f0ir J\u00f6r\u00f0 can be found in shops and supermarkets across the country<\/p>\n<p>We search for employees with interest and ambition for healthy environment and organic farming and flexibility to take on various tasks related to the farms mission. Education and\/or experience suitable for the job.\u00a0 Work period and salary is negotiable, the work is in an\u00a0 international and natural work environment where sustainability is the goal. \u00a0Application to be sent by email to <a href=\"mailto:info@vallanes.is\">info@vallanes.is<\/a>.\u00a0 For further information about the farm see www.modirjord.is<\/p>","protected":false},"excerpt":{"rendered":"<p>M\u00f3\u00f0ir J\u00f6r\u00f0 \u00ed Vallanesi leitar a\u00f0 starfsmanni til a\u00f0 starfa vi\u00f0 jar\u00f0r\u00e6kt og l\u00edfr\u00e6na akuryrkju.\u00a0 Um \u00e1rst\u00ed\u00f0abundi\u00f0 starf er a\u00f0 r\u00e6\u00f0a yfir r\u00e6ktunart\u00edmabil fr\u00e1 apr\u00edl \u00fat okt\u00f3ber.\u00a0 M\u00f3\u00f0ir J\u00f6r\u00f0 r\u00e6ktar korn;\u00a0 bygg, hveiti og repju \u00e1 70 ha lands sem og fj\u00f6lbreyttar tegundir af gr\u00e6nmeti \u00ed \u00fatir\u00e6ktun.\u00a0 Vi\u00f0komandi \u00fearf a\u00f0 hafa r\u00e9ttindi \u00e1 vinnuv\u00e9lar, reynslu [&hellip;]<\/p>","protected":false},"author":6,"featured_media":5196,"comment_status":"closed","ping_status":"open","sticky":false,"template":"","format":"standard","meta":{"footnotes":""},"categories":[16,108],"tags":[],"class_list":["post-5773","post","type-post","status-publish","format-standard","has-post-thumbnail","hentry","category-blog","category-jobs-available"],"_links":{"self":[{"href":"https:\/\/modirjord.is\/en\/wp-json\/wp\/v2\/posts\/5773"}],"collection":[{"href":"https:\/\/modirjord.is\/en\/wp-json\/wp\/v2\/posts"}],"about":[{"href":"https:\/\/modirjord.is\/en\/wp-json\/wp\/v2\/types\/post"}],"author":[{"embeddable":true,"href":"https:\/\/modirjord.is\/en\/wp-json\/wp\/v2\/users\/6"}],"replies":[{"embeddable":true,"href":"https:\/\/modirjord.is\/en\/wp-json\/wp\/v2\/comments?post=5773"}],"version-history":[{"count":1,"href":"https:\/\/modirjord.is\/en\/wp-json\/wp\/v2\/posts\/5773\/revisions"}],"predecessor-version":[{"id":5774,"href":"https:\/\/modirjord.is\/en\/wp-json\/wp\/v2\/posts\/5773\/revisions\/5774"}],"wp:featuredmedia":[{"embeddable":true,"href":"https:\/\/modirjord.is\/en\/wp-json\/wp\/v2\/media\/5196"}],"wp:attachment":[{"href":"https:\/\/modirjord.is\/en\/wp-json\/wp\/v2\/media?parent=5773"}],"wp:term":[{"taxonomy":"category","embeddable":true,"href":"https:\/\/modirjord.is\/en\/wp-json\/wp\/v2\/categories?post=5773"},{"taxonomy":"post_tag","embeddable":true,"href":"https:\/\/modirjord.is\/en\/wp-json\/wp\/v2\/tags?post=5773"}],"curies":[{"name":"wp","href":"https:\/\/api.w.org\/{rel}","templated":true}]}}