{"id":5711,"date":"2025-05-15T15:32:17","date_gmt":"2025-05-15T15:32:17","guid":{"rendered":"https:\/\/modirjord.is\/?p=5711"},"modified":"2025-05-15T15:32:17","modified_gmt":"2025-05-15T15:32:17","slug":"himinn-og-jord","status":"publish","type":"post","link":"https:\/\/modirjord.is\/en\/himinn-og-jord\/","title":{"rendered":"Himinn og J\u00f6r\u00f0"},"content":{"rendered":"<p>\u00cd dag hefst \u00e1hugaver\u00f0 tilraun til frekari orkuframlei\u00f0slu \u00ed Vallanesi en n\u00fa hafa veri\u00f0 settar upp s\u00f3larsellur \u00e1 Kyndist\u00f6\u00f0inni til a\u00f0 framlei\u00f0a rafmagn.\u00a0 Fyrirt\u00e6ki\u00f0 ALOR hefur \u00ed samstarfi vi\u00f0 B\u00e6ndasamt\u00f6k \u00cdslands vali\u00f0 nokkur b\u00fdli til a\u00f0 pr\u00f3fa sl\u00edka t\u00e6kni vi\u00f0 \u00edslenskar a\u00f0st\u00e6\u00f0ur \u00ed \u00f3l\u00edkum tegundum \u00a0b\u00faskapar, m.a. \u00ed gar\u00f0yrkju. \u00a0S\u00e9rstakar birtusellur hafa veri\u00f0 settar upp hj\u00e1 okkur og tengdar og framlei\u00f0a fr\u00e1 og me\u00f0 deginum \u00ed dag rafmagn \u00far birtu\/s\u00f3larorku \u00e1 \u00feaki Kyndist\u00f6\u00f0varinnar okkar. Settar voru upp 28 sellur sem fara langt me\u00f0 a\u00f0 framlei\u00f0a \u00fea\u00f0 rafmagn sem b\u00fdli\u00f0 notar n\u00fana yfir bjartasta og hl\u00fdjasta t\u00edma \u00e1rsins. \u00c1\u00f0ur hefur veri\u00f0 sett upp vi\u00f0arkynding og munu \u00feessi tv\u00f6 form kyndingar vinna saman vi\u00f0 framlei\u00f0slu \u00e1 heitu vatni sem yljar mannf\u00f3lki og pl\u00f6ntum \u00ed Vallanesi.<\/p>\n<p>\u00deetta er \u00ed fyrsta skipti sem sl\u00edkar s\u00f3larsellur eru settar upp \u00e1 gar\u00f0yrkjub\u00fdli \u00e1 \u00cdslandi, en b\u00fdli\u00f0 n\u00fdtir rafmagn til a\u00f0 k\u00e6la gr\u00e6nmeti, auk \u00feess vi\u00f0 \u00fdmsa vinnslu afur\u00f0a og alla almenna starfsemi s.s. \u00ed fer\u00f0a\u00fej\u00f3nustu. \u00a0\u00a0Vi\u00f0 erum spennt fyrir framhaldinu enda getur landb\u00fana\u00f0ur lagt miki\u00f0 til \u00ed orkuframlei\u00f0slu.<\/p>\n<p>M\u00f3\u00f0ir J\u00f6r\u00f0 \u00feakkar ALOR fyrir g\u00f3\u00f0a vinnu undanfarna daga og vi\u00f0 hl\u00f6kkum til a\u00f0 fylgjast me\u00f0 \u00a0framlei\u00f0slunni me\u00f0 \u00feessum n\u00fdja orkugjafa.<\/p>\n<p>Mynd: fr\u00e1 vinstri, Eymundur Magn\u00fasson eigandi M\u00f3\u00f0ur Jar\u00f0ar \u00ed Vallanesi, \u00a0Valgeir \u00deorvaldsson stj\u00f3rnarforma\u00f0ur ALOR, A\u00f0alsteinn, Gu\u00f0mundur og Zoran fr\u00e1 Tengill ehf rafverktakar.<\/p>","protected":false},"excerpt":{"rendered":"<p>\u00cd dag hefst \u00e1hugaver\u00f0 tilraun til frekari orkuframlei\u00f0slu \u00ed Vallanesi en n\u00fa hafa veri\u00f0 settar upp s\u00f3larsellur \u00e1 Kyndist\u00f6\u00f0inni til a\u00f0 framlei\u00f0a rafmagn.\u00a0 Fyrirt\u00e6ki\u00f0 ALOR hefur \u00ed samstarfi vi\u00f0 B\u00e6ndasamt\u00f6k \u00cdslands vali\u00f0 nokkur b\u00fdli til a\u00f0 pr\u00f3fa sl\u00edka t\u00e6kni vi\u00f0 \u00edslenskar a\u00f0st\u00e6\u00f0ur \u00ed \u00f3l\u00edkum tegundum \u00a0b\u00faskapar, m.a. \u00ed gar\u00f0yrkju. \u00a0S\u00e9rstakar birtusellur hafa veri\u00f0 settar upp [&hellip;]<\/p>","protected":false},"author":6,"featured_media":5710,"comment_status":"closed","ping_status":"open","sticky":false,"template":"","format":"standard","meta":{"footnotes":""},"categories":[16,103],"tags":[],"class_list":["post-5711","post","type-post","status-publish","format-standard","has-post-thumbnail","hentry","category-blog","category-environment"],"_links":{"self":[{"href":"https:\/\/modirjord.is\/en\/wp-json\/wp\/v2\/posts\/5711"}],"collection":[{"href":"https:\/\/modirjord.is\/en\/wp-json\/wp\/v2\/posts"}],"about":[{"href":"https:\/\/modirjord.is\/en\/wp-json\/wp\/v2\/types\/post"}],"author":[{"embeddable":true,"href":"https:\/\/modirjord.is\/en\/wp-json\/wp\/v2\/users\/6"}],"replies":[{"embeddable":true,"href":"https:\/\/modirjord.is\/en\/wp-json\/wp\/v2\/comments?post=5711"}],"version-history":[{"count":1,"href":"https:\/\/modirjord.is\/en\/wp-json\/wp\/v2\/posts\/5711\/revisions"}],"predecessor-version":[{"id":5712,"href":"https:\/\/modirjord.is\/en\/wp-json\/wp\/v2\/posts\/5711\/revisions\/5712"}],"wp:featuredmedia":[{"embeddable":true,"href":"https:\/\/modirjord.is\/en\/wp-json\/wp\/v2\/media\/5710"}],"wp:attachment":[{"href":"https:\/\/modirjord.is\/en\/wp-json\/wp\/v2\/media?parent=5711"}],"wp:term":[{"taxonomy":"category","embeddable":true,"href":"https:\/\/modirjord.is\/en\/wp-json\/wp\/v2\/categories?post=5711"},{"taxonomy":"post_tag","embeddable":true,"href":"https:\/\/modirjord.is\/en\/wp-json\/wp\/v2\/tags?post=5711"}],"curies":[{"name":"wp","href":"https:\/\/api.w.org\/{rel}","templated":true}]}}