{"id":5310,"date":"2022-05-01T15:28:48","date_gmt":"2022-05-01T15:28:48","guid":{"rendered":"https:\/\/modirjord.is\/?p=5310"},"modified":"2022-05-01T15:36:55","modified_gmt":"2022-05-01T15:36:55","slug":"100-islenskt-braud","status":"publish","type":"post","link":"https:\/\/modirjord.is\/en\/100-islenskt-braud\/","title":{"rendered":"100% \u00edslenskt brau\u00f0"},"content":{"rendered":"<p>N\u00fa er komi\u00f0 \u00e1 marka\u00f0 brau\u00f0 sem inniheldur a\u00f0 \u00f6llu leyti \u00edslenskt korn. Brau\u00f0h\u00fasi\u00f0 \u00ed Gr\u00edmsb\u00e6 er handverksbakar\u00ed hva\u00f0 \u00feeir br\u00e6\u00f0ur Sigf\u00fas og Gu\u00f0mundur hafa baka\u00f0 s\u00fardeigsbrau\u00f0 til margra \u00e1ra. \u00deeir hafa lengi nota\u00f0 korni\u00f0 fr\u00e1 Vallanesi me\u00f0 \u00f6\u00f0ru korni, b\u00e6\u00f0i bygg og hveiti en \u00feeir baka eing\u00f6ngu s\u00fardeigsbrau\u00f0 og reka l\u00edfr\u00e6nt bakar\u00ed og verslun. \u00deeir hafa n\u00fa \u00fer\u00f3a\u00f0 s\u00fadeigsbrau\u00f0 sem inniheldur Heilhveiti M\u00f3\u00f0ur Jar\u00f0ar a\u00f0 \u00f6llu leyti. Brau\u00f0i\u00f0 er afbrag\u00f0sgott, enda ekki von \u00e1 \u00f6\u00f0ru hj\u00e1 \u00feeim br\u00e6\u00f0rum \u00ed Brau\u00f0h\u00fasinu sem baka eing\u00f6ngu \u00far l\u00edfr\u00e6nu korni. \u00c1ri\u00f0 2021 var einkar hagst\u00e6tt til kornr\u00e6ktar \u00e1 Austurlandi og hveiti\u00f0 hefur g\u00f3\u00f0a b\u00f6kunareiginleika. Heilhveiti M\u00f3\u00f0ur Jar\u00f0ar f\u00e6st \u00ed Brau\u00f0h\u00fasinu \u00ed Gr\u00edmsb\u00e6, Fjar\u00f0arkaup, Fr\u00fa Laugu, Hagkaup, Kr\u00f3nunni, Melab\u00fa\u00f0inni, helstu b\u00fa\u00f0um Nett\u00f3, ME &amp; MU, og a\u00f0 sj\u00e1lfs\u00f6g\u00f0u \u00ed verslun okkar \u00ed Vallanesi og \u00e1 modirjord.is<\/p>","protected":false},"excerpt":{"rendered":"<p>N\u00fa er komi\u00f0 \u00e1 marka\u00f0 brau\u00f0 sem inniheldur a\u00f0 \u00f6llu leyti \u00edslenskt korn. Brau\u00f0h\u00fasi\u00f0 \u00ed Gr\u00edmsb\u00e6 er handverksbakar\u00ed hva\u00f0 \u00feeir br\u00e6\u00f0ur Sigf\u00fas og Gu\u00f0mundur hafa baka\u00f0 s\u00fardeigsbrau\u00f0 til margra \u00e1ra. \u00deeir hafa lengi nota\u00f0 korni\u00f0 fr\u00e1 Vallanesi me\u00f0 \u00f6\u00f0ru korni, b\u00e6\u00f0i bygg og hveiti en \u00feeir baka eing\u00f6ngu s\u00fardeigsbrau\u00f0 og reka l\u00edfr\u00e6nt bakar\u00ed og verslun. [&hellip;]<\/p>","protected":false},"author":6,"featured_media":5313,"comment_status":"closed","ping_status":"open","sticky":false,"template":"","format":"standard","meta":{"footnotes":""},"categories":[16,20],"tags":[],"class_list":["post-5310","post","type-post","status-publish","format-standard","has-post-thumbnail","hentry","category-blog","category-organic-food"],"_links":{"self":[{"href":"https:\/\/modirjord.is\/en\/wp-json\/wp\/v2\/posts\/5310"}],"collection":[{"href":"https:\/\/modirjord.is\/en\/wp-json\/wp\/v2\/posts"}],"about":[{"href":"https:\/\/modirjord.is\/en\/wp-json\/wp\/v2\/types\/post"}],"author":[{"embeddable":true,"href":"https:\/\/modirjord.is\/en\/wp-json\/wp\/v2\/users\/6"}],"replies":[{"embeddable":true,"href":"https:\/\/modirjord.is\/en\/wp-json\/wp\/v2\/comments?post=5310"}],"version-history":[{"count":1,"href":"https:\/\/modirjord.is\/en\/wp-json\/wp\/v2\/posts\/5310\/revisions"}],"predecessor-version":[{"id":5311,"href":"https:\/\/modirjord.is\/en\/wp-json\/wp\/v2\/posts\/5310\/revisions\/5311"}],"wp:featuredmedia":[{"embeddable":true,"href":"https:\/\/modirjord.is\/en\/wp-json\/wp\/v2\/media\/5313"}],"wp:attachment":[{"href":"https:\/\/modirjord.is\/en\/wp-json\/wp\/v2\/media?parent=5310"}],"wp:term":[{"taxonomy":"category","embeddable":true,"href":"https:\/\/modirjord.is\/en\/wp-json\/wp\/v2\/categories?post=5310"},{"taxonomy":"post_tag","embeddable":true,"href":"https:\/\/modirjord.is\/en\/wp-json\/wp\/v2\/tags?post=5310"}],"curies":[{"name":"wp","href":"https:\/\/api.w.org\/{rel}","templated":true}]}}