{"id":4442,"date":"2021-02-02T10:29:39","date_gmt":"2021-02-02T10:29:39","guid":{"rendered":"https:\/\/modirjord.webdev.is\/?p=4442"},"modified":"2021-02-02T10:36:57","modified_gmt":"2021-02-02T10:36:57","slug":"25-ar-i-lifraenni-raektun","status":"publish","type":"post","link":"https:\/\/modirjord.is\/en\/25-ar-i-lifraenni-raektun\/","title":{"rendered":"25 years certified organic"},"content":{"rendered":"<p>N\u00fa eru 25 \u00e1r fr\u00e1 \u00fev\u00ed a\u00f0 r\u00e6ktunin \u00ed Vallanesi hlaut opinbera vottun fyrir l\u00edfr\u00e6na r\u00e6ktun skv evr\u00f3pskum reglum.  \u00c1 \u00feeim t\u00edma, \u00e1ri\u00f0 1995, l\u00f6g\u00f0u nokkrir b\u00e6ndur grunn a\u00f0 vottunarkerfi sem s\u00ed\u00f0an var innleitt \u00ed \u00edslenska l\u00f6ggj\u00f6f \u00e1ri\u00f0 1997.  Eymundur \u00ed Vallanesi var einn \u00feeirra, en fyrstu tv\u00f6 \u00e1rin hlaut starfsemin vottun fr\u00e1 Soil Association \u00ed Bretlandi en undir eftirliti fr\u00e1  Vottunarstofunni T\u00fan.  \u00cd dag hafa \u00feau hj\u00f3nin Eymundur og Eygl\u00f3 allt r\u00e6ktarland \u00ed votta\u00f0ri l\u00edfr\u00e6nni r\u00e6ktun, auk vinnslu.  V\u00f6rur og afur\u00f0ir M\u00f3\u00f0ur Jar\u00f0ar bera vottunarmerki\u00f0 Evr\u00f3pulaufi\u00f0 \u00fev\u00ed til sta\u00f0festingar.  M\u00f3\u00f0ir J\u00f6r\u00f0 fagnar \u00feessum \u00e1fanga me\u00f0 n\u00fdrri heimas\u00ed\u00f0u og vefverslun \u00ed \u00feeim tilgangi a\u00f0 f\u00e6ra l\u00edfr\u00e6nt votta\u00f0ar afur\u00f0ir n\u00e6r almenningi og auka \u00feekkingu \u00e1 framlei\u00f0slua\u00f0fer\u00f0um \u00fear a\u00f0 baki.  <\/p>","protected":false},"excerpt":{"rendered":"<p>N\u00fa eru 25 \u00e1r fr\u00e1 \u00fev\u00ed a\u00f0 r\u00e6ktunin \u00ed Vallanesi hlaut opinbera vottun fyrir l\u00edfr\u00e6na r\u00e6ktun skv evr\u00f3pskum reglum. \u00c1 \u00feeim t\u00edma, \u00e1ri\u00f0 1995, l\u00f6g\u00f0u nokkrir b\u00e6ndur grunn a\u00f0 vottunarkerfi sem s\u00ed\u00f0an var innleitt \u00ed \u00edslenska l\u00f6ggj\u00f6f \u00e1ri\u00f0 1997. Eymundur \u00ed Vallanesi var einn \u00feeirra, en fyrstu tv\u00f6 \u00e1rin hlaut starfsemin vottun fr\u00e1 Soil Association [&hellip;]<\/p>","protected":false},"author":6,"featured_media":4322,"comment_status":"closed","ping_status":"open","sticky":false,"template":"","format":"standard","meta":{"footnotes":""},"categories":[20],"tags":[],"class_list":["post-4442","post","type-post","status-publish","format-standard","has-post-thumbnail","hentry","category-organic-food"],"_links":{"self":[{"href":"https:\/\/modirjord.is\/en\/wp-json\/wp\/v2\/posts\/4442"}],"collection":[{"href":"https:\/\/modirjord.is\/en\/wp-json\/wp\/v2\/posts"}],"about":[{"href":"https:\/\/modirjord.is\/en\/wp-json\/wp\/v2\/types\/post"}],"author":[{"embeddable":true,"href":"https:\/\/modirjord.is\/en\/wp-json\/wp\/v2\/users\/6"}],"replies":[{"embeddable":true,"href":"https:\/\/modirjord.is\/en\/wp-json\/wp\/v2\/comments?post=4442"}],"version-history":[{"count":2,"href":"https:\/\/modirjord.is\/en\/wp-json\/wp\/v2\/posts\/4442\/revisions"}],"predecessor-version":[{"id":4474,"href":"https:\/\/modirjord.is\/en\/wp-json\/wp\/v2\/posts\/4442\/revisions\/4474"}],"wp:featuredmedia":[{"embeddable":true,"href":"https:\/\/modirjord.is\/en\/wp-json\/wp\/v2\/media\/4322"}],"wp:attachment":[{"href":"https:\/\/modirjord.is\/en\/wp-json\/wp\/v2\/media?parent=4442"}],"wp:term":[{"taxonomy":"category","embeddable":true,"href":"https:\/\/modirjord.is\/en\/wp-json\/wp\/v2\/categories?post=4442"},{"taxonomy":"post_tag","embeddable":true,"href":"https:\/\/modirjord.is\/en\/wp-json\/wp\/v2\/tags?post=4442"}],"curies":[{"name":"wp","href":"https:\/\/api.w.org\/{rel}","templated":true}]}}