{"id":398,"date":"2020-10-05T16:48:55","date_gmt":"2020-10-05T16:48:55","guid":{"rendered":"http:\/\/dev.joomexp.com\/wordpress\/wp-organic2\/?p=398"},"modified":"2021-01-27T11:40:51","modified_gmt":"2021-01-27T11:40:51","slug":"jardeplahatid","status":"publish","type":"post","link":"https:\/\/modirjord.is\/en\/jardeplahatid\/","title":{"rendered":"Potato festival 2020"},"content":{"rendered":"<p><strong>Jar\u00f0eplah\u00e1t\u00ed\u00f0 var haldin hj\u00e1 M\u00f3\u00f0ur J\u00f6r\u00f0 \u00ed Vallanesi vi\u00f0 g\u00f3\u00f0an or\u00f0st\u00edr \u00ed byrjun okt\u00f3ber.&nbsp; Undanfari\u00f0 hefur M\u00f3\u00f0ir J\u00f6r\u00f0 unni\u00f0 a\u00f0 \u00fev\u00ed a\u00f0 auka tegundafj\u00f6lbreytni \u00ed kart\u00f6flum enda hafa kart\u00f6flur skipa\u00f0 mikilv\u00e6gan sess \u00ed r\u00e6ktun sta\u00f0arins allt fr\u00e1 \u00e1rinu 1752, e\u00f0a hva\u00f0 ?<\/strong>&nbsp; H\u00e1t\u00ed\u00f0inni var einmitt \u00e6tla\u00f0 a\u00f0 kanna forsendur \u00feess betur, sko\u00f0a r\u00e6ktunars\u00f6gu \u00ed Vallanesi og v\u00ed\u00f0ar \u00e1 Austurlandi og fjalla um kart\u00f6flur \u00ed v\u00ed\u00f0um skilningi enda mikilv\u00e6gt hr\u00e1efni \u00ed \u00edslenskri matarger\u00f0.&nbsp;&nbsp; H\u00e1t\u00ed\u00f0in var haldin \u00ed samstarfi vi\u00f0 Matarau\u00f0 Austurlands, Gunnarsstofnun og veitingh\u00fasi\u00f0 Nielsen \u00e1 Egilsst\u00f6\u00f0um.&nbsp; \u00datkoman var fr\u00f3\u00f0leg og l\u00edfleg s\u00f6gustund Sk\u00fala Bj\u00f6rns Gunnarssonar \u00e1 Skri\u00f0uklaustri blanda\u00f0 vi\u00f0&nbsp; gl\u00e6silega matarger\u00f0arlist en K\u00e1ri \u00deorsteinsson, matrei\u00f0slumeistari \u00e1 Nielsen, f\u00e9kk \u00fea\u00f0 hlutverk a\u00f0 t\u00f6fra fram r\u00e9tti \u00far \u00f3l\u00edkum tegundum af kart\u00f6flum sem sp\u00f6nnu\u00f0u heila m\u00e1lt\u00ed\u00f0, allt fr\u00e1 lystauka til eftirr\u00e9ttar.&nbsp; K\u00f3ngabl\u00e1ar, Bl\u00e1landsdrottning, hv\u00edtar og rau\u00f0ar m\u00f6ndlur munu b\u00e6tast vi\u00f0 \u00ed fl\u00f3ru M\u00f3\u00f0ur Jar\u00f0ar \u00feegar fram \u00ed s\u00e6kir, en eftir sem \u00e1\u00f0ur ver\u00f0a Rau\u00f0ar \u00edslenskar og Gullauga fastir li\u00f0ir \u00ed fl\u00f3runni.&nbsp; \u00de\u00e6r eru \u00e1vallt f\u00e1anlegar \u00ed \u00feessum verslunum;&nbsp; Brau\u00f0h\u00fasi\u00f0 \u00ed Gr\u00edmsb\u00e6,&nbsp; Fr\u00fa Laugu, Gott og Blessa\u00f0, Melab\u00fa\u00f0in og Fjar\u00f0arkaup, auk netverslunar M\u00f3\u00f0ur Jar\u00f0ar.&nbsp; Allar kart\u00f6flur \u00e1rsins 2020&nbsp; voru r\u00e6kta\u00f0ar \u00e1 P\u00e1lsh\u00fash\u00f3li, sama sta\u00f0 og upphaf gr\u00e6nmetisr\u00e6tkunar \u00ed Vallanesi er tali\u00f0 vera \u00ed kringum \u00e1ri\u00f0 1752.<\/p>","protected":false},"excerpt":{"rendered":"<p>Jar\u00f0eplah\u00e1t\u00ed\u00f0 var haldin hj\u00e1 M\u00f3\u00f0ur J\u00f6r\u00f0 \u00ed Vallanesi vi\u00f0 g\u00f3\u00f0an or\u00f0st\u00edr \u00ed byrjun okt\u00f3ber.&nbsp; Undanfari\u00f0 hefur M\u00f3\u00f0ir J\u00f6r\u00f0 unni\u00f0 a\u00f0 \u00fev\u00ed a\u00f0 auka tegundafj\u00f6lbreytni \u00ed kart\u00f6flum enda hafa kart\u00f6flur skipa\u00f0 mikilv\u00e6gan sess \u00ed r\u00e6ktun sta\u00f0arins allt fr\u00e1 \u00e1rinu 1752, e\u00f0a hva\u00f0 ?&nbsp; H\u00e1t\u00ed\u00f0inni var einmitt \u00e6tla\u00f0 a\u00f0 kanna forsendur \u00feess betur, sko\u00f0a r\u00e6ktunars\u00f6gu \u00ed Vallanesi [&hellip;]<\/p>","protected":false},"author":1,"featured_media":4196,"comment_status":"open","ping_status":"open","sticky":false,"template":"","format":"standard","meta":{"footnotes":""},"categories":[18],"tags":[],"class_list":["post-398","post","type-post","status-publish","format-standard","has-post-thumbnail","hentry","category-gardens"],"_links":{"self":[{"href":"https:\/\/modirjord.is\/en\/wp-json\/wp\/v2\/posts\/398"}],"collection":[{"href":"https:\/\/modirjord.is\/en\/wp-json\/wp\/v2\/posts"}],"about":[{"href":"https:\/\/modirjord.is\/en\/wp-json\/wp\/v2\/types\/post"}],"author":[{"embeddable":true,"href":"https:\/\/modirjord.is\/en\/wp-json\/wp\/v2\/users\/1"}],"replies":[{"embeddable":true,"href":"https:\/\/modirjord.is\/en\/wp-json\/wp\/v2\/comments?post=398"}],"version-history":[{"count":3,"href":"https:\/\/modirjord.is\/en\/wp-json\/wp\/v2\/posts\/398\/revisions"}],"predecessor-version":[{"id":4200,"href":"https:\/\/modirjord.is\/en\/wp-json\/wp\/v2\/posts\/398\/revisions\/4200"}],"wp:featuredmedia":[{"embeddable":true,"href":"https:\/\/modirjord.is\/en\/wp-json\/wp\/v2\/media\/4196"}],"wp:attachment":[{"href":"https:\/\/modirjord.is\/en\/wp-json\/wp\/v2\/media?parent=398"}],"wp:term":[{"taxonomy":"category","embeddable":true,"href":"https:\/\/modirjord.is\/en\/wp-json\/wp\/v2\/categories?post=398"},{"taxonomy":"post_tag","embeddable":true,"href":"https:\/\/modirjord.is\/en\/wp-json\/wp\/v2\/tags?post=398"}],"curies":[{"name":"wp","href":"https:\/\/api.w.org\/{rel}","templated":true}]}}