{"id":377,"date":"2021-01-27T07:53:03","date_gmt":"2021-01-27T07:53:03","guid":{"rendered":"http:\/\/dev.joomexp.com\/wordpress\/wp-organic2\/?p=377"},"modified":"2021-02-02T12:34:30","modified_gmt":"2021-02-02T12:34:30","slug":"paleo-or-not-paleo","status":"publish","type":"post","link":"https:\/\/modirjord.is\/en\/paleo-or-not-paleo\/","title":{"rendered":"Aspen House caf\u00e9 5th year"},"content":{"rendered":"<p><strong>Asparh\u00fasi\u00f0 \u00ed Vallanesi var reist 2016 \u00far timbri sem afla\u00f0 var \u00far sk\u00f3gr\u00e6kt sta\u00f0arins.\u00a0 \u00a0H\u00fasi\u00f0 er byggt \u00far \u00f6sp sem og \u00f6ll h\u00fasg\u00f6gn.<\/strong><\/p>\n<p>Asparh\u00fasi\u00f0 var reist \u00ed \u00feeim tilgangi a\u00f0 skapa b\u00fdlinu mi\u00f0ju me\u00f0 samkomusta\u00f0 til a\u00f0 nj\u00f3ta afur\u00f0anna sem r\u00e6kta\u00f0ar eru e\u00f0a framleiddar \u00ed Vallanesi.\u00a0 H\u00fasi\u00f0 er helsta afur\u00f0 sk\u00f3gr\u00e6ktarinnar \u00e1 sta\u00f0num en \u00fea\u00f0 er a\u00f0\u00a0 uppist\u00f6\u00f0u \u00far \u00edslenskri \u00f6sp sem planta\u00f0 var \u00ed Vallanesi \u00e1ri\u00f0 1986.\u00a0 H\u00fasi\u00f0 er teikna\u00f0 af Alb\u00ednu Thordarson arkitekt, en h\u00fasg\u00f6gn og innr\u00e9ttingar eru einnig \u00far \u00f6sp og s\u00e1u handverksmenn \u00e1 Sey\u00f0isfir\u00f0i um sm\u00ed\u00f0ina, en RoShamBo, h\u00f3pur listakvenna \u00e1 Sey\u00f0isfir\u00f0i s\u00e1 um innanh\u00fash\u00f6nnun.\u00a0 Pallar \u00ed kringum h\u00fasi\u00f0 eru \u00far lerki.<\/p>\n<p>Asparh\u00fasi\u00f0 hefur sanna\u00f0 gildi sitt sem hl\u00fdlegur samverusta\u00f0ur \u00fea\u00f0 sem bo\u00f0i\u00f0 er upp\u00e1 gr\u00e6nmetisf\u00e6\u00f0i en \u00fear er reki\u00f0 kaffih\u00fas og verslun \u00e1 sumrin.\u00a0 \u00c1 r\u00e6ktunart\u00edmabilinu geta gestir n\u00e1lgast ferskt gr\u00e6nmeti eftir \u00fev\u00ed hva\u00f0 er uppskori\u00f0 \u00e1 hverjum t\u00edma.<\/p>","protected":false},"excerpt":{"rendered":"<p>Asparh\u00fasi\u00f0 \u00ed Vallanesi var reist 2016 \u00far timbri sem afla\u00f0 var \u00far sk\u00f3gr\u00e6kt sta\u00f0arins.\u00a0 \u00a0H\u00fasi\u00f0 er byggt \u00far \u00f6sp sem og \u00f6ll h\u00fasg\u00f6gn. Asparh\u00fasi\u00f0 var reist \u00ed \u00feeim tilgangi a\u00f0 skapa b\u00fdlinu mi\u00f0ju me\u00f0 samkomusta\u00f0 til a\u00f0 nj\u00f3ta afur\u00f0anna sem r\u00e6kta\u00f0ar eru e\u00f0a framleiddar \u00ed Vallanesi.\u00a0 H\u00fasi\u00f0 er helsta afur\u00f0 sk\u00f3gr\u00e6ktarinnar \u00e1 sta\u00f0num en \u00fea\u00f0 [&hellip;]<\/p>","protected":false},"author":1,"featured_media":4336,"comment_status":"open","ping_status":"open","sticky":false,"template":"","format":"standard","meta":{"footnotes":""},"categories":[18,20],"tags":[],"class_list":["post-377","post","type-post","status-publish","format-standard","has-post-thumbnail","hentry","category-gardens","category-organic-food"],"_links":{"self":[{"href":"https:\/\/modirjord.is\/en\/wp-json\/wp\/v2\/posts\/377"}],"collection":[{"href":"https:\/\/modirjord.is\/en\/wp-json\/wp\/v2\/posts"}],"about":[{"href":"https:\/\/modirjord.is\/en\/wp-json\/wp\/v2\/types\/post"}],"author":[{"embeddable":true,"href":"https:\/\/modirjord.is\/en\/wp-json\/wp\/v2\/users\/1"}],"replies":[{"embeddable":true,"href":"https:\/\/modirjord.is\/en\/wp-json\/wp\/v2\/comments?post=377"}],"version-history":[{"count":6,"href":"https:\/\/modirjord.is\/en\/wp-json\/wp\/v2\/posts\/377\/revisions"}],"predecessor-version":[{"id":4493,"href":"https:\/\/modirjord.is\/en\/wp-json\/wp\/v2\/posts\/377\/revisions\/4493"}],"wp:featuredmedia":[{"embeddable":true,"href":"https:\/\/modirjord.is\/en\/wp-json\/wp\/v2\/media\/4336"}],"wp:attachment":[{"href":"https:\/\/modirjord.is\/en\/wp-json\/wp\/v2\/media?parent=377"}],"wp:term":[{"taxonomy":"category","embeddable":true,"href":"https:\/\/modirjord.is\/en\/wp-json\/wp\/v2\/categories?post=377"},{"taxonomy":"post_tag","embeddable":true,"href":"https:\/\/modirjord.is\/en\/wp-json\/wp\/v2\/tags?post=377"}],"curies":[{"name":"wp","href":"https:\/\/api.w.org\/{rel}","templated":true}]}}