{"id":343,"date":"2015-12-03T07:16:46","date_gmt":"2015-12-03T07:16:46","guid":{"rendered":"http:\/\/dev.joomexp.com\/wordpress\/wp-organic2\/?p=343"},"modified":"2021-01-27T11:51:25","modified_gmt":"2021-01-27T11:51:25","slug":"cucumber-best-vegetable-for-your-face-7","status":"publish","type":"post","link":"https:\/\/modirjord.is\/en\/cucumber-best-vegetable-for-your-face-7\/","title":{"rendered":"M\u00f3\u00f0ir J\u00f6r\u00f0 f\u00e9kk Fj\u00f6reggi\u00f0 2015"},"content":{"rendered":"<p><b>Matv\u00e6laver\u00f0laun MNI og Samtaka i\u00f0na\u00f0arins<\/b><\/p>\n<p>M\u00f3\u00f0ir J\u00f6r\u00f0 hlaut Fj\u00f6regg MN\u00cd (Matv\u00e6la-og n\u00e6ringarfr\u00e6\u00f0ingaf\u00e9lag \u00cdslands) 2015 en ver\u00f0launin eru veitt fyrir lofsvert framtak \u00e1 matv\u00e6la- og n\u00e6ringarsvi\u00f0i. Ver\u00f0launagripurinn er \u00edslenskt glerlistaverk sem t\u00e1knar Fj\u00f6reggi\u00f0 og hefur veri\u00f0 gefi\u00f0 af Samt\u00f6kum i\u00f0na\u00f0arins fr\u00e1 upphafi, \u00ed yfir 20 \u00e1r. \u00cd ums\u00f6gn d\u00f3mnefndar segir me\u00f0al annars: \u201eM\u00f3\u00f0ir J\u00f6r\u00f0 er tilnefnt fyrir a\u00f0 framlei\u00f0a spennandi \u00edslensk matv\u00e6li \u00far jurtar\u00edkinu. Fyrirt\u00e6ki\u00f0 byggir s\u00edna framlei\u00f0slu \u00e1 sj\u00e1lfb\u00e6rni og l\u00edfr\u00e6nt r\u00e6ktu\u00f0u hr\u00e1efni. Hj\u00e1 fyrirt\u00e6kinu er l\u00f6g\u00f0 mikil \u00e1hersla \u00e1 a\u00f0 \u00fer\u00f3a afur\u00f0ir \u00far n\u00e1nasta umhverfi og hafa fj\u00f6lmargar n\u00fdjungar komi\u00f0 fr\u00e1 M\u00f3\u00f0ur J\u00f6r\u00f0 \u00e1 s\u00ed\u00f0ustu \u00e1rum\u201d. \u00c1 myndinni eru tilnefnd; &nbsp;Eirn\u00fd Sigur\u00f0ard\u00f3ttir fr\u00e1 B\u00farinu ostab\u00fa\u00f0, &nbsp;\u00d3l\u00f6f Krist\u00edn S\u00edvertsen fr\u00e1 Sk\u00f3lar efh, Eygl\u00f3 Bj\u00f6rk \u00d3lafsd\u00f3ttir fr\u00e1 M\u00f3\u00f0ir J\u00f6r\u00f0, Klaus Kretzer fr\u00e1 Skaftafell Delicatessen og Ragnhei\u00f0ur H\u00e9\u00f0insd\u00f3ttir fr\u00e1 Samt\u00f6kum i\u00f0na\u00f0arins sem afhenti Fj\u00f6reggi\u00f0 a\u00f0 \u00feessu sinni.<\/p>","protected":false},"excerpt":{"rendered":"<p>Matv\u00e6laver\u00f0laun MNI og Samtaka i\u00f0na\u00f0arins M\u00f3\u00f0ir J\u00f6r\u00f0 hlaut Fj\u00f6regg MN\u00cd (Matv\u00e6la-og n\u00e6ringarfr\u00e6\u00f0ingaf\u00e9lag \u00cdslands) 2015 en ver\u00f0launin eru veitt fyrir lofsvert framtak \u00e1 matv\u00e6la- og n\u00e6ringarsvi\u00f0i. Ver\u00f0launagripurinn er \u00edslenskt glerlistaverk sem t\u00e1knar Fj\u00f6reggi\u00f0 og hefur veri\u00f0 gefi\u00f0 af Samt\u00f6kum i\u00f0na\u00f0arins fr\u00e1 upphafi, \u00ed yfir 20 \u00e1r. \u00cd ums\u00f6gn d\u00f3mnefndar segir me\u00f0al annars: \u201eM\u00f3\u00f0ir J\u00f6r\u00f0 er tilnefnt [&hellip;]<\/p>","protected":false},"author":1,"featured_media":4339,"comment_status":"open","ping_status":"open","sticky":false,"template":"","format":"standard","meta":{"footnotes":""},"categories":[20],"tags":[],"class_list":["post-343","post","type-post","status-publish","format-standard","has-post-thumbnail","hentry","category-organic-food"],"_links":{"self":[{"href":"https:\/\/modirjord.is\/en\/wp-json\/wp\/v2\/posts\/343"}],"collection":[{"href":"https:\/\/modirjord.is\/en\/wp-json\/wp\/v2\/posts"}],"about":[{"href":"https:\/\/modirjord.is\/en\/wp-json\/wp\/v2\/types\/post"}],"author":[{"embeddable":true,"href":"https:\/\/modirjord.is\/en\/wp-json\/wp\/v2\/users\/1"}],"replies":[{"embeddable":true,"href":"https:\/\/modirjord.is\/en\/wp-json\/wp\/v2\/comments?post=343"}],"version-history":[{"count":2,"href":"https:\/\/modirjord.is\/en\/wp-json\/wp\/v2\/posts\/343\/revisions"}],"predecessor-version":[{"id":4249,"href":"https:\/\/modirjord.is\/en\/wp-json\/wp\/v2\/posts\/343\/revisions\/4249"}],"wp:featuredmedia":[{"embeddable":true,"href":"https:\/\/modirjord.is\/en\/wp-json\/wp\/v2\/media\/4339"}],"wp:attachment":[{"href":"https:\/\/modirjord.is\/en\/wp-json\/wp\/v2\/media?parent=343"}],"wp:term":[{"taxonomy":"category","embeddable":true,"href":"https:\/\/modirjord.is\/en\/wp-json\/wp\/v2\/categories?post=343"},{"taxonomy":"post_tag","embeddable":true,"href":"https:\/\/modirjord.is\/en\/wp-json\/wp\/v2\/tags?post=343"}],"curies":[{"name":"wp","href":"https:\/\/api.w.org\/{rel}","templated":true}]}}